{"id":1526,"date":"2016-09-18T13:36:57","date_gmt":"2016-09-18T13:36:57","guid":{"rendered":"https:\/\/www.eiblda.pt\/?post_type=cptportefolioelbai&#038;p=1526"},"modified":"2022-08-05T08:51:48","modified_gmt":"2022-08-05T08:51:48","slug":"hotel-torel-avantgarde-porto","status":"publish","type":"cptnoticiaselbai","link":"https:\/\/www.eiblda.pt\/fr\/elbai\/noticias\/hotel-torel-avantgarde-porto\/","title":{"rendered":"Hotel Torel Avantgarde (Porto)"},"content":{"rendered":"\n<figure class=\"wp-block-gallery has-nested-images columns-default is-cropped wp-block-gallery-1 is-layout-flex wp-block-gallery-is-layout-flex\">\n<figure class=\"wp-block-image\"><img loading=\"lazy\" decoding=\"async\" width=\"2490\" height=\"1000\" data-id=\"1601\" src=\"https:\/\/www.eiblda.pt\/wp-content\/uploads\/2019\/09\/Hotel-Torel-Avantgarde-07.jpg\" alt=\"\" class=\"wp-image-1601\" srcset=\"https:\/\/www.eiblda.pt\/wp-content\/uploads\/2019\/09\/Hotel-Torel-Avantgarde-07.jpg 2490w, https:\/\/www.eiblda.pt\/wp-content\/uploads\/2019\/09\/Hotel-Torel-Avantgarde-07-750x301.jpg 750w\" sizes=\"auto, (max-width: 2490px) 100vw, 2490px\" \/><\/figure>\n\n\n\n<figure class=\"wp-block-image\"><img loading=\"lazy\" decoding=\"async\" width=\"2490\" height=\"1000\" data-id=\"1602\" src=\"https:\/\/www.eiblda.pt\/wp-content\/uploads\/2019\/09\/Hotel-Torel-Avantgarde-01.jpg\" alt=\"\" class=\"wp-image-1602\" srcset=\"https:\/\/www.eiblda.pt\/wp-content\/uploads\/2019\/09\/Hotel-Torel-Avantgarde-01.jpg 2490w, https:\/\/www.eiblda.pt\/wp-content\/uploads\/2019\/09\/Hotel-Torel-Avantgarde-01-750x301.jpg 750w\" sizes=\"auto, (max-width: 2490px) 100vw, 2490px\" \/><\/figure>\n\n\n\n<figure class=\"wp-block-image\"><img loading=\"lazy\" decoding=\"async\" width=\"2490\" height=\"1000\" data-id=\"1603\" src=\"https:\/\/www.eiblda.pt\/wp-content\/uploads\/2019\/09\/Hotel-Torel-Avantgarde-02.jpg\" alt=\"\" class=\"wp-image-1603\" srcset=\"https:\/\/www.eiblda.pt\/wp-content\/uploads\/2019\/09\/Hotel-Torel-Avantgarde-02.jpg 2490w, https:\/\/www.eiblda.pt\/wp-content\/uploads\/2019\/09\/Hotel-Torel-Avantgarde-02-750x301.jpg 750w\" sizes=\"auto, (max-width: 2490px) 100vw, 2490px\" \/><\/figure>\n\n\n\n<figure class=\"wp-block-image\"><img loading=\"lazy\" decoding=\"async\" width=\"2490\" height=\"1000\" data-id=\"1604\" src=\"https:\/\/www.eiblda.pt\/wp-content\/uploads\/2019\/09\/Hotel-Torel-Avantgarde-03.jpg\" alt=\"\" class=\"wp-image-1604\" srcset=\"https:\/\/www.eiblda.pt\/wp-content\/uploads\/2019\/09\/Hotel-Torel-Avantgarde-03.jpg 2490w, https:\/\/www.eiblda.pt\/wp-content\/uploads\/2019\/09\/Hotel-Torel-Avantgarde-03-750x301.jpg 750w\" sizes=\"auto, (max-width: 2490px) 100vw, 2490px\" \/><\/figure>\n\n\n\n<figure class=\"wp-block-image\"><img loading=\"lazy\" decoding=\"async\" width=\"2490\" height=\"1000\" data-id=\"1605\" src=\"https:\/\/www.eiblda.pt\/wp-content\/uploads\/2019\/09\/Hotel-Torel-Avantgarde-04.jpg\" alt=\"\" class=\"wp-image-1605\" srcset=\"https:\/\/www.eiblda.pt\/wp-content\/uploads\/2019\/09\/Hotel-Torel-Avantgarde-04.jpg 2490w, https:\/\/www.eiblda.pt\/wp-content\/uploads\/2019\/09\/Hotel-Torel-Avantgarde-04-750x301.jpg 750w\" sizes=\"auto, (max-width: 2490px) 100vw, 2490px\" \/><\/figure>\n\n\n\n<figure class=\"wp-block-image\"><img loading=\"lazy\" decoding=\"async\" width=\"2490\" height=\"1000\" data-id=\"1606\" src=\"https:\/\/www.eiblda.pt\/wp-content\/uploads\/2019\/09\/Hotel-Torel-Avantgarde-05.jpg\" alt=\"\" class=\"wp-image-1606\" srcset=\"https:\/\/www.eiblda.pt\/wp-content\/uploads\/2019\/09\/Hotel-Torel-Avantgarde-05.jpg 2490w, https:\/\/www.eiblda.pt\/wp-content\/uploads\/2019\/09\/Hotel-Torel-Avantgarde-05-750x301.jpg 750w\" sizes=\"auto, (max-width: 2490px) 100vw, 2490px\" \/><\/figure>\n\n\n\n<figure class=\"wp-block-image\"><img loading=\"lazy\" decoding=\"async\" width=\"2490\" height=\"1000\" data-id=\"1607\" src=\"https:\/\/www.eiblda.pt\/wp-content\/uploads\/2019\/09\/Hotel-Torel-Avantgarde-06.jpg\" alt=\"\" class=\"wp-image-1607\" srcset=\"https:\/\/www.eiblda.pt\/wp-content\/uploads\/2019\/09\/Hotel-Torel-Avantgarde-06.jpg 2490w, https:\/\/www.eiblda.pt\/wp-content\/uploads\/2019\/09\/Hotel-Torel-Avantgarde-06-750x301.jpg 750w\" sizes=\"auto, (max-width: 2490px) 100vw, 2490px\" \/><\/figure>\n<\/figure>\n\n\n<h2 class=\"wp-block-post-title\">Hotel Torel Avantgarde (Porto)<\/h2>\n\n\n<p>A Elbai ser\u00e1 a respons\u00e1vel pela instala\u00e7\u00e3o el\u00e9trica, telecomunica\u00e7\u00f5es e seguran\u00e7a da reabilita\u00e7\u00e3o e amplia\u00e7\u00e3o de um edif\u00edcio no centro hist\u00f3rico do Porto, que dar\u00e1 lugar ao hotel Torel Avantgarde, de cinco estrelas. <br><br>\u201cCom uma localiza\u00e7\u00e3o privilegiada e vista magn\u00edfica sobre o rio Douro, este novo hotel estar\u00e1 vocacionado n\u00e3o s\u00f3 para o sector tur\u00edstico, mas tamb\u00e9m para o sector \u201cbusiness\u201d, assim como para receber eventos de cariz empresarial.<br>Esta nova unidade hoteleira, situada na Rua da Restaura\u00e7\u00e3o, albergar\u00e1 63 unidades de alojamento \u2013 42 quartos duplos, 14 quartos individuais e sete suites \u2013 distribu\u00eddos por quatro pisos. O hotel contar\u00e1 ainda com sala de terapias, SPA e espa\u00e7os de eventos, que ficar\u00e3o instalados no piso -1, enquanto o r\u00e9s-do-ch\u00e3o estar\u00e1 reservado para a rece\u00e7\u00e3o, lobby e bar, assim como para o restaurante.<br>Ser\u00e1 mantida a tra\u00e7a original do edif\u00edcio, constru\u00eddo na d\u00e9cada de 50, com fachadas em alvenaria de pedra e v\u00e3os de janelas ornamentados com pedras, sendo ainda acrescentado mais um piso aos existentes.\u201d<\/p>\n","protected":false},"author":2,"featured_media":1601,"parent":0,"menu_order":4,"comment_status":"closed","ping_status":"closed","template":"pages\/wp-noticiaselbai.php","categories":[],"tags":[],"class_list":["post-1526","cptnoticiaselbai","type-cptnoticiaselbai","status-publish","has-post-thumbnail","hentry"],"_links":{"self":[{"href":"https:\/\/www.eiblda.pt\/fr\/wp-json\/wp\/v2\/cptnoticiaselbai\/1526","targetHints":{"allow":["GET"]}}],"collection":[{"href":"https:\/\/www.eiblda.pt\/fr\/wp-json\/wp\/v2\/cptnoticiaselbai"}],"about":[{"href":"https:\/\/www.eiblda.pt\/fr\/wp-json\/wp\/v2\/types\/cptnoticiaselbai"}],"author":[{"embeddable":true,"href":"https:\/\/www.eiblda.pt\/fr\/wp-json\/wp\/v2\/users\/2"}],"replies":[{"embeddable":true,"href":"https:\/\/www.eiblda.pt\/fr\/wp-json\/wp\/v2\/comments?post=1526"}],"wp:featuredmedia":[{"embeddable":true,"href":"https:\/\/www.eiblda.pt\/fr\/wp-json\/wp\/v2\/media\/1601"}],"wp:attachment":[{"href":"https:\/\/www.eiblda.pt\/fr\/wp-json\/wp\/v2\/media?parent=1526"}],"wp:term":[{"taxonomy":"category","embeddable":true,"href":"https:\/\/www.eiblda.pt\/fr\/wp-json\/wp\/v2\/categories?post=1526"},{"taxonomy":"post_tag","embeddable":true,"href":"https:\/\/www.eiblda.pt\/fr\/wp-json\/wp\/v2\/tags?post=1526"}],"curies":[{"name":"wp","href":"https:\/\/api.w.org\/{rel}","templated":true}]}}