{"id":1527,"date":"2016-04-26T13:50:26","date_gmt":"2016-04-26T13:50:26","guid":{"rendered":"https:\/\/www.eiblda.pt\/?post_type=cptportefolioelbai&#038;p=1527"},"modified":"2022-08-05T08:51:55","modified_gmt":"2022-08-05T08:51:55","slug":"casa-acreditar-porto","status":"publish","type":"cptnoticiaselbai","link":"https:\/\/www.eiblda.pt\/en\/elbai\/noticias\/casa-acreditar-porto\/","title":{"rendered":"Casa Acreditar (Porto)"},"content":{"rendered":"\n<figure class=\"wp-block-gallery has-nested-images columns-default is-cropped wp-block-gallery-1 is-layout-flex wp-block-gallery-is-layout-flex\">\n<figure class=\"wp-block-image\"><img loading=\"lazy\" decoding=\"async\" width=\"2490\" height=\"1000\" data-id=\"1566\" src=\"https:\/\/www.eiblda.pt\/wp-content\/uploads\/2019\/09\/Casa-Acreditar-04.jpg\" alt=\"\" class=\"wp-image-1566\" srcset=\"https:\/\/www.eiblda.pt\/wp-content\/uploads\/2019\/09\/Casa-Acreditar-04.jpg 2490w, https:\/\/www.eiblda.pt\/wp-content\/uploads\/2019\/09\/Casa-Acreditar-04-750x301.jpg 750w\" sizes=\"auto, (max-width: 2490px) 100vw, 2490px\" \/><\/figure>\n\n\n\n<figure class=\"wp-block-image\"><img loading=\"lazy\" decoding=\"async\" width=\"2490\" height=\"1000\" data-id=\"1567\" src=\"https:\/\/www.eiblda.pt\/wp-content\/uploads\/2019\/09\/Casa-Acreditar-05.jpg\" alt=\"\" class=\"wp-image-1567\" srcset=\"https:\/\/www.eiblda.pt\/wp-content\/uploads\/2019\/09\/Casa-Acreditar-05.jpg 2490w, https:\/\/www.eiblda.pt\/wp-content\/uploads\/2019\/09\/Casa-Acreditar-05-750x301.jpg 750w\" sizes=\"auto, (max-width: 2490px) 100vw, 2490px\" \/><\/figure>\n\n\n\n<figure class=\"wp-block-image\"><img loading=\"lazy\" decoding=\"async\" width=\"2490\" height=\"1000\" data-id=\"1568\" src=\"https:\/\/www.eiblda.pt\/wp-content\/uploads\/2019\/09\/Casa-Acreditar-06.jpg\" alt=\"\" class=\"wp-image-1568\" srcset=\"https:\/\/www.eiblda.pt\/wp-content\/uploads\/2019\/09\/Casa-Acreditar-06.jpg 2490w, https:\/\/www.eiblda.pt\/wp-content\/uploads\/2019\/09\/Casa-Acreditar-06-750x301.jpg 750w\" sizes=\"auto, (max-width: 2490px) 100vw, 2490px\" \/><\/figure>\n\n\n\n<figure class=\"wp-block-image\"><img loading=\"lazy\" decoding=\"async\" width=\"2490\" height=\"1000\" data-id=\"1563\" src=\"https:\/\/www.eiblda.pt\/wp-content\/uploads\/2019\/09\/Casa-Acreditar-01.jpg\" alt=\"\" class=\"wp-image-1563\" srcset=\"https:\/\/www.eiblda.pt\/wp-content\/uploads\/2019\/09\/Casa-Acreditar-01.jpg 2490w, https:\/\/www.eiblda.pt\/wp-content\/uploads\/2019\/09\/Casa-Acreditar-01-750x301.jpg 750w\" sizes=\"auto, (max-width: 2490px) 100vw, 2490px\" \/><\/figure>\n\n\n\n<figure class=\"wp-block-image\"><img loading=\"lazy\" decoding=\"async\" width=\"2490\" height=\"1000\" data-id=\"1564\" src=\"https:\/\/www.eiblda.pt\/wp-content\/uploads\/2019\/09\/Casa-Acreditar-02.jpg\" alt=\"\" class=\"wp-image-1564\" srcset=\"https:\/\/www.eiblda.pt\/wp-content\/uploads\/2019\/09\/Casa-Acreditar-02.jpg 2490w, https:\/\/www.eiblda.pt\/wp-content\/uploads\/2019\/09\/Casa-Acreditar-02-750x301.jpg 750w\" sizes=\"auto, (max-width: 2490px) 100vw, 2490px\" \/><\/figure>\n\n\n\n<figure class=\"wp-block-image\"><img loading=\"lazy\" decoding=\"async\" width=\"2490\" height=\"1000\" data-id=\"1569\" src=\"https:\/\/www.eiblda.pt\/wp-content\/uploads\/2019\/09\/Casa-Acreditar-07.jpg\" alt=\"\" class=\"wp-image-1569\" srcset=\"https:\/\/www.eiblda.pt\/wp-content\/uploads\/2019\/09\/Casa-Acreditar-07.jpg 2490w, https:\/\/www.eiblda.pt\/wp-content\/uploads\/2019\/09\/Casa-Acreditar-07-750x301.jpg 750w\" sizes=\"auto, (max-width: 2490px) 100vw, 2490px\" \/><\/figure>\n\n\n\n<figure class=\"wp-block-image\"><img loading=\"lazy\" decoding=\"async\" width=\"2490\" height=\"1000\" data-id=\"1565\" src=\"https:\/\/www.eiblda.pt\/wp-content\/uploads\/2019\/09\/Casa-Acreditar-03.jpg\" alt=\"\" class=\"wp-image-1565\" srcset=\"https:\/\/www.eiblda.pt\/wp-content\/uploads\/2019\/09\/Casa-Acreditar-03.jpg 2490w, https:\/\/www.eiblda.pt\/wp-content\/uploads\/2019\/09\/Casa-Acreditar-03-750x301.jpg 750w\" sizes=\"auto, (max-width: 2490px) 100vw, 2490px\" \/><\/figure>\n<\/figure>\n\n\n<h2 class=\"wp-block-post-title\">Casa Acreditar (Porto)<\/h2>\n\n\n<p>A Elbai orgulha-se de ser parte integrante de uma obra de grande cariz social, na cidade do Porto. A empresa ser\u00e1 a respons\u00e1vel pela instala\u00e7\u00e3o el\u00e9trica, telecomunica\u00e7\u00f5es e seguran\u00e7a na Casa Acreditar no Porto.<br><br>\u201cJ\u00e1 vislumbramos toda a cor, risos, abra\u00e7os e vidas que aqui ser\u00e3o partilhadas!<br>J\u00e1 n\u00e3o falta muito para que a CASA ACREDITAR DO PORTO receba as fam\u00edlias de longe que aqui encontrar\u00e3o o conforto necess\u00e1rio para acompanhar os seus filhos em tratamento no Jo\u00e3ozinho &#8211; Hospital Pedi\u00e1trico S. Jo\u00e3o e no Ipo-Porto. <br>Este \u00e9 um projeto muito sonhado e necess\u00e1rio que implica um investimento de 1.600.000,00\u20ac. <br>Quer juntar-se a todos aqueles que se mobilizam para fazer parte desta constru\u00e7\u00e3o? Basta ligar 760.50.10.60 (custo total: 0,60\u20ac; 0,48\u20ac a favor da Acreditar). Obrigado!\u201d<\/p>\n\n\n\n<p><\/p>\n","protected":false},"author":2,"featured_media":1566,"parent":0,"menu_order":5,"comment_status":"closed","ping_status":"closed","template":"pages\/wp-noticiaselbai.php","categories":[],"tags":[],"class_list":["post-1527","cptnoticiaselbai","type-cptnoticiaselbai","status-publish","has-post-thumbnail","hentry"],"_links":{"self":[{"href":"https:\/\/www.eiblda.pt\/en\/wp-json\/wp\/v2\/cptnoticiaselbai\/1527","targetHints":{"allow":["GET"]}}],"collection":[{"href":"https:\/\/www.eiblda.pt\/en\/wp-json\/wp\/v2\/cptnoticiaselbai"}],"about":[{"href":"https:\/\/www.eiblda.pt\/en\/wp-json\/wp\/v2\/types\/cptnoticiaselbai"}],"author":[{"embeddable":true,"href":"https:\/\/www.eiblda.pt\/en\/wp-json\/wp\/v2\/users\/2"}],"replies":[{"embeddable":true,"href":"https:\/\/www.eiblda.pt\/en\/wp-json\/wp\/v2\/comments?post=1527"}],"wp:featuredmedia":[{"embeddable":true,"href":"https:\/\/www.eiblda.pt\/en\/wp-json\/wp\/v2\/media\/1566"}],"wp:attachment":[{"href":"https:\/\/www.eiblda.pt\/en\/wp-json\/wp\/v2\/media?parent=1527"}],"wp:term":[{"taxonomy":"category","embeddable":true,"href":"https:\/\/www.eiblda.pt\/en\/wp-json\/wp\/v2\/categories?post=1527"},{"taxonomy":"post_tag","embeddable":true,"href":"https:\/\/www.eiblda.pt\/en\/wp-json\/wp\/v2\/tags?post=1527"}],"curies":[{"name":"wp","href":"https:\/\/api.w.org\/{rel}","templated":true}]}}