{"id":1304,"date":"2013-07-11T12:41:31","date_gmt":"2013-07-11T12:41:31","guid":{"rendered":"http:\/\/www.eiblda.pt\/new\/?post_type=cptportefolioelbai&#038;p=1304"},"modified":"2022-08-05T08:52:27","modified_gmt":"2022-08-05T08:52:27","slug":"escola-agricola-conde-de-s-bento","status":"publish","type":"cptnoticiaselbai","link":"https:\/\/www.eiblda.pt\/en\/elbai\/noticias\/escola-agricola-conde-de-s-bento\/","title":{"rendered":"Escola Agr\u00edcola Conde de S. Bento"},"content":{"rendered":"\n<figure class=\"wp-block-gallery has-nested-images columns-default is-cropped wp-block-gallery-1 is-layout-flex wp-block-gallery-is-layout-flex\">\n<figure class=\"wp-block-image\"><img loading=\"lazy\" decoding=\"async\" width=\"2490\" height=\"1000\" data-id=\"1585\" src=\"https:\/\/www.eiblda.pt\/wp-content\/uploads\/2019\/07\/Escola-Conde-S.-Bento-07.jpg\" alt=\"\" class=\"wp-image-1585\" srcset=\"https:\/\/www.eiblda.pt\/wp-content\/uploads\/2019\/07\/Escola-Conde-S.-Bento-07.jpg 2490w, https:\/\/www.eiblda.pt\/wp-content\/uploads\/2019\/07\/Escola-Conde-S.-Bento-07-750x301.jpg 750w\" sizes=\"auto, (max-width: 2490px) 100vw, 2490px\" \/><\/figure>\n\n\n\n<figure class=\"wp-block-image\"><img loading=\"lazy\" decoding=\"async\" width=\"2490\" height=\"1000\" data-id=\"1583\" src=\"https:\/\/www.eiblda.pt\/wp-content\/uploads\/2019\/07\/Escola-Conde-S.-Bento-05.jpg\" alt=\"\" class=\"wp-image-1583\" srcset=\"https:\/\/www.eiblda.pt\/wp-content\/uploads\/2019\/07\/Escola-Conde-S.-Bento-05.jpg 2490w, https:\/\/www.eiblda.pt\/wp-content\/uploads\/2019\/07\/Escola-Conde-S.-Bento-05-750x301.jpg 750w\" sizes=\"auto, (max-width: 2490px) 100vw, 2490px\" \/><\/figure>\n\n\n\n<figure class=\"wp-block-image\"><img loading=\"lazy\" decoding=\"async\" width=\"2490\" height=\"1000\" data-id=\"1582\" src=\"https:\/\/www.eiblda.pt\/wp-content\/uploads\/2019\/07\/Escola-Conde-S.-Bento-04.jpg\" alt=\"\" class=\"wp-image-1582\" srcset=\"https:\/\/www.eiblda.pt\/wp-content\/uploads\/2019\/07\/Escola-Conde-S.-Bento-04.jpg 2490w, https:\/\/www.eiblda.pt\/wp-content\/uploads\/2019\/07\/Escola-Conde-S.-Bento-04-750x301.jpg 750w\" sizes=\"auto, (max-width: 2490px) 100vw, 2490px\" \/><\/figure>\n\n\n\n<figure class=\"wp-block-image\"><img loading=\"lazy\" decoding=\"async\" width=\"2490\" height=\"1000\" data-id=\"1581\" src=\"https:\/\/www.eiblda.pt\/wp-content\/uploads\/2019\/07\/Escola-Conde-S.-Bento-03.jpg\" alt=\"\" class=\"wp-image-1581\" srcset=\"https:\/\/www.eiblda.pt\/wp-content\/uploads\/2019\/07\/Escola-Conde-S.-Bento-03.jpg 2490w, https:\/\/www.eiblda.pt\/wp-content\/uploads\/2019\/07\/Escola-Conde-S.-Bento-03-750x301.jpg 750w\" sizes=\"auto, (max-width: 2490px) 100vw, 2490px\" \/><\/figure>\n\n\n\n<figure class=\"wp-block-image\"><img loading=\"lazy\" decoding=\"async\" width=\"2490\" height=\"1000\" data-id=\"1580\" src=\"https:\/\/www.eiblda.pt\/wp-content\/uploads\/2019\/07\/Escola-Conde-S.-Bento-02.jpg\" alt=\"\" class=\"wp-image-1580\" srcset=\"https:\/\/www.eiblda.pt\/wp-content\/uploads\/2019\/07\/Escola-Conde-S.-Bento-02.jpg 2490w, https:\/\/www.eiblda.pt\/wp-content\/uploads\/2019\/07\/Escola-Conde-S.-Bento-02-750x301.jpg 750w\" sizes=\"auto, (max-width: 2490px) 100vw, 2490px\" \/><\/figure>\n\n\n\n<figure class=\"wp-block-image\"><img loading=\"lazy\" decoding=\"async\" width=\"2490\" height=\"1000\" data-id=\"1586\" src=\"https:\/\/www.eiblda.pt\/wp-content\/uploads\/2019\/07\/Escola-Conde-S.-Bento-08.jpg\" alt=\"\" class=\"wp-image-1586\" srcset=\"https:\/\/www.eiblda.pt\/wp-content\/uploads\/2019\/07\/Escola-Conde-S.-Bento-08.jpg 2490w, https:\/\/www.eiblda.pt\/wp-content\/uploads\/2019\/07\/Escola-Conde-S.-Bento-08-750x301.jpg 750w\" sizes=\"auto, (max-width: 2490px) 100vw, 2490px\" \/><\/figure>\n\n\n\n<figure class=\"wp-block-image\"><img loading=\"lazy\" decoding=\"async\" width=\"2490\" height=\"1000\" data-id=\"1584\" src=\"https:\/\/www.eiblda.pt\/wp-content\/uploads\/2019\/07\/Escola-Conde-S.-Bento-06.jpg\" alt=\"\" class=\"wp-image-1584\" srcset=\"https:\/\/www.eiblda.pt\/wp-content\/uploads\/2019\/07\/Escola-Conde-S.-Bento-06.jpg 2490w, https:\/\/www.eiblda.pt\/wp-content\/uploads\/2019\/07\/Escola-Conde-S.-Bento-06-750x301.jpg 750w\" sizes=\"auto, (max-width: 2490px) 100vw, 2490px\" \/><\/figure>\n<\/figure>\n\n\n<h2 class=\"wp-block-post-title\">Escola Agr\u00edcola Conde de S. Bento<\/h2>\n\n\n<p>A Elbai iniciou no decorrer do presente m\u00eas de Julho os trabalhos de instala\u00e7\u00f5es el\u00e9tricas inseridos na requalifica\u00e7\u00e3o dos edif\u00edcios da Quinta de Fora do Mosteiro de S. Bento.<br>A empreitada, tem por finalidade a reabilita\u00e7\u00e3o de dois edif\u00edcios, identificados como \u201cSequeiro\u201d e \u201cCasa\u201d, para amplia\u00e7\u00e3o das instala\u00e7\u00f5es da Escola Agr\u00edcola Conde de S. Bento de Santo Tirso. <br><br>A interven\u00e7\u00e3o a levar a cabo nestes edif\u00edcios contempla a demoli\u00e7\u00e3o integral dos seus miolos, de forma a serem adaptados, e assim dar cumprimento \u00e0 legisla\u00e7\u00e3o aplic\u00e1vel, \u00e0s necessidades funcionais que dever\u00e3o obedecer.<br>Com a adjudica\u00e7\u00e3o da empreitada de \u201cRequalifica\u00e7\u00e3o dos Edif\u00edcios da Quinta de Fora do Mosteiro de S. Bento\u201d, a empresa S\u00e1 Machado &amp; Filhos S.A, deposita na Elbai, confian\u00e7a no sucesso da sua execu\u00e7\u00e3o. <\/p>\n","protected":false},"author":1,"featured_media":1658,"parent":0,"menu_order":11,"comment_status":"open","ping_status":"closed","template":"pages\/wp-noticiaselbai.php","categories":[],"tags":[],"class_list":["post-1304","cptnoticiaselbai","type-cptnoticiaselbai","status-publish","has-post-thumbnail","hentry"],"_links":{"self":[{"href":"https:\/\/www.eiblda.pt\/en\/wp-json\/wp\/v2\/cptnoticiaselbai\/1304","targetHints":{"allow":["GET"]}}],"collection":[{"href":"https:\/\/www.eiblda.pt\/en\/wp-json\/wp\/v2\/cptnoticiaselbai"}],"about":[{"href":"https:\/\/www.eiblda.pt\/en\/wp-json\/wp\/v2\/types\/cptnoticiaselbai"}],"author":[{"embeddable":true,"href":"https:\/\/www.eiblda.pt\/en\/wp-json\/wp\/v2\/users\/1"}],"replies":[{"embeddable":true,"href":"https:\/\/www.eiblda.pt\/en\/wp-json\/wp\/v2\/comments?post=1304"}],"wp:featuredmedia":[{"embeddable":true,"href":"https:\/\/www.eiblda.pt\/en\/wp-json\/wp\/v2\/media\/1658"}],"wp:attachment":[{"href":"https:\/\/www.eiblda.pt\/en\/wp-json\/wp\/v2\/media?parent=1304"}],"wp:term":[{"taxonomy":"category","embeddable":true,"href":"https:\/\/www.eiblda.pt\/en\/wp-json\/wp\/v2\/categories?post=1304"},{"taxonomy":"post_tag","embeddable":true,"href":"https:\/\/www.eiblda.pt\/en\/wp-json\/wp\/v2\/tags?post=1304"}],"curies":[{"name":"wp","href":"https:\/\/api.w.org\/{rel}","templated":true}]}}