{"id":1302,"date":"2014-11-20T12:38:28","date_gmt":"2014-11-20T12:38:28","guid":{"rendered":"http:\/\/www.eiblda.pt\/new\/?post_type=cptportefolioelbai&#038;p=1302"},"modified":"2022-08-05T08:52:06","modified_gmt":"2022-08-05T08:52:06","slug":"aeroporto-francisco-sa-carneiro-porto","status":"publish","type":"cptnoticiaselbai","link":"https:\/\/www.eiblda.pt\/en\/elbai\/noticias\/aeroporto-francisco-sa-carneiro-porto\/","title":{"rendered":"Aeroporto Francisco S\u00e1 Carneiro (Porto)"},"content":{"rendered":"\n<figure class=\"wp-block-gallery has-nested-images columns-default is-cropped wp-block-gallery-1 is-layout-flex wp-block-gallery-is-layout-flex\">\n<figure class=\"wp-block-image\"><img loading=\"lazy\" decoding=\"async\" width=\"2490\" height=\"1000\" data-id=\"1554\" src=\"https:\/\/www.eiblda.pt\/wp-content\/uploads\/2019\/09\/Aeroporto-S\u00e1-Carneiro-01.jpg\" alt=\"\" class=\"wp-image-1554\" srcset=\"https:\/\/www.eiblda.pt\/wp-content\/uploads\/2019\/09\/Aeroporto-S\u00e1-Carneiro-01.jpg 2490w, https:\/\/www.eiblda.pt\/wp-content\/uploads\/2019\/09\/Aeroporto-S\u00e1-Carneiro-01-750x301.jpg 750w\" sizes=\"auto, (max-width: 2490px) 100vw, 2490px\" \/><\/figure>\n<\/figure>\n\n\n<h2 class=\"wp-block-post-title\">Aeroporto Francisco S\u00e1 Carneiro (Porto)<\/h2>\n\n\n<p>A Elbai encontra-se a reabilitar e a refor\u00e7ar a pista 17-35 do Aeroporto Internacional Francisco S\u00e1 Carneiro no Porto. \u00c9 Respons\u00e1vel pela reconstru\u00e7\u00e3o da sinaliza\u00e7\u00e3o luminosa encastrada no pavimento.<\/p>\n","protected":false},"author":1,"featured_media":1555,"parent":0,"menu_order":7,"comment_status":"open","ping_status":"closed","template":"pages\/wp-noticiaselbai.php","categories":[],"tags":[],"class_list":["post-1302","cptnoticiaselbai","type-cptnoticiaselbai","status-publish","has-post-thumbnail","hentry"],"_links":{"self":[{"href":"https:\/\/www.eiblda.pt\/en\/wp-json\/wp\/v2\/cptnoticiaselbai\/1302","targetHints":{"allow":["GET"]}}],"collection":[{"href":"https:\/\/www.eiblda.pt\/en\/wp-json\/wp\/v2\/cptnoticiaselbai"}],"about":[{"href":"https:\/\/www.eiblda.pt\/en\/wp-json\/wp\/v2\/types\/cptnoticiaselbai"}],"author":[{"embeddable":true,"href":"https:\/\/www.eiblda.pt\/en\/wp-json\/wp\/v2\/users\/1"}],"replies":[{"embeddable":true,"href":"https:\/\/www.eiblda.pt\/en\/wp-json\/wp\/v2\/comments?post=1302"}],"wp:featuredmedia":[{"embeddable":true,"href":"https:\/\/www.eiblda.pt\/en\/wp-json\/wp\/v2\/media\/1555"}],"wp:attachment":[{"href":"https:\/\/www.eiblda.pt\/en\/wp-json\/wp\/v2\/media?parent=1302"}],"wp:term":[{"taxonomy":"category","embeddable":true,"href":"https:\/\/www.eiblda.pt\/en\/wp-json\/wp\/v2\/categories?post=1302"},{"taxonomy":"post_tag","embeddable":true,"href":"https:\/\/www.eiblda.pt\/en\/wp-json\/wp\/v2\/tags?post=1302"}],"curies":[{"name":"wp","href":"https:\/\/api.w.org\/{rel}","templated":true}]}}