{"id":1301,"date":"2016-04-25T12:37:52","date_gmt":"2016-04-25T12:37:52","guid":{"rendered":"http:\/\/www.eiblda.pt\/new\/?post_type=cptportefolioelbai&#038;p=1301"},"modified":"2022-08-05T08:51:58","modified_gmt":"2022-08-05T08:51:58","slug":"casa-da-memoria-guimaraes","status":"publish","type":"cptnoticiaselbai","link":"https:\/\/www.eiblda.pt\/en\/elbai\/noticias\/casa-da-memoria-guimaraes\/","title":{"rendered":"Casa da Mem\u00f3ria (Guimar\u00e3es)"},"content":{"rendered":"\n<figure class=\"wp-block-gallery has-nested-images columns-default is-cropped wp-block-gallery-1 is-layout-flex wp-block-gallery-is-layout-flex\">\n<figure class=\"wp-block-image\"><img loading=\"lazy\" decoding=\"async\" width=\"2490\" height=\"1000\" data-id=\"1064\" src=\"http:\/\/www.eiblda.pt\/new\/wp-content\/uploads\/2019\/07\/casadamemoria04.jpg\" alt=\"\" class=\"wp-image-1064\" srcset=\"https:\/\/www.eiblda.pt\/wp-content\/uploads\/2019\/07\/casadamemoria04.jpg 2490w, https:\/\/www.eiblda.pt\/wp-content\/uploads\/2019\/07\/casadamemoria04-750x301.jpg 750w\" sizes=\"auto, (max-width: 2490px) 100vw, 2490px\" \/><\/figure>\n\n\n\n<figure class=\"wp-block-image\"><img loading=\"lazy\" decoding=\"async\" width=\"2490\" height=\"1000\" data-id=\"1061\" src=\"http:\/\/www.eiblda.pt\/new\/wp-content\/uploads\/2019\/07\/casadamemoria01.jpg\" alt=\"\" class=\"wp-image-1061\" srcset=\"https:\/\/www.eiblda.pt\/wp-content\/uploads\/2019\/07\/casadamemoria01.jpg 2490w, https:\/\/www.eiblda.pt\/wp-content\/uploads\/2019\/07\/casadamemoria01-750x301.jpg 750w\" sizes=\"auto, (max-width: 2490px) 100vw, 2490px\" \/><\/figure>\n\n\n\n<figure class=\"wp-block-image\"><img loading=\"lazy\" decoding=\"async\" width=\"2490\" height=\"1000\" data-id=\"1062\" src=\"http:\/\/www.eiblda.pt\/new\/wp-content\/uploads\/2019\/07\/casadamemoria02.jpg\" alt=\"\" class=\"wp-image-1062\" srcset=\"https:\/\/www.eiblda.pt\/wp-content\/uploads\/2019\/07\/casadamemoria02.jpg 2490w, https:\/\/www.eiblda.pt\/wp-content\/uploads\/2019\/07\/casadamemoria02-750x301.jpg 750w\" sizes=\"auto, (max-width: 2490px) 100vw, 2490px\" \/><\/figure>\n\n\n\n<figure class=\"wp-block-image\"><img loading=\"lazy\" decoding=\"async\" width=\"2490\" height=\"1000\" data-id=\"1063\" src=\"http:\/\/www.eiblda.pt\/new\/wp-content\/uploads\/2019\/07\/casadamemoria03.jpg\" alt=\"\" class=\"wp-image-1063\" srcset=\"https:\/\/www.eiblda.pt\/wp-content\/uploads\/2019\/07\/casadamemoria03.jpg 2490w, https:\/\/www.eiblda.pt\/wp-content\/uploads\/2019\/07\/casadamemoria03-750x301.jpg 750w\" sizes=\"auto, (max-width: 2490px) 100vw, 2490px\" \/><\/figure>\n\n\n\n<figure class=\"wp-block-image\"><img loading=\"lazy\" decoding=\"async\" width=\"2490\" height=\"1000\" data-id=\"1069\" src=\"http:\/\/www.eiblda.pt\/new\/wp-content\/uploads\/2019\/07\/casadamemoria09.jpg\" alt=\"\" class=\"wp-image-1069\" srcset=\"https:\/\/www.eiblda.pt\/wp-content\/uploads\/2019\/07\/casadamemoria09.jpg 2490w, https:\/\/www.eiblda.pt\/wp-content\/uploads\/2019\/07\/casadamemoria09-750x301.jpg 750w\" sizes=\"auto, (max-width: 2490px) 100vw, 2490px\" \/><\/figure>\n\n\n\n<figure class=\"wp-block-image\"><img loading=\"lazy\" decoding=\"async\" width=\"2490\" height=\"1000\" data-id=\"1068\" src=\"http:\/\/www.eiblda.pt\/new\/wp-content\/uploads\/2019\/07\/casadamemoria08.jpg\" alt=\"\" class=\"wp-image-1068\" srcset=\"https:\/\/www.eiblda.pt\/wp-content\/uploads\/2019\/07\/casadamemoria08.jpg 2490w, https:\/\/www.eiblda.pt\/wp-content\/uploads\/2019\/07\/casadamemoria08-750x301.jpg 750w\" sizes=\"auto, (max-width: 2490px) 100vw, 2490px\" \/><\/figure>\n\n\n\n<figure class=\"wp-block-image\"><img loading=\"lazy\" decoding=\"async\" width=\"2490\" height=\"1000\" data-id=\"1067\" src=\"http:\/\/www.eiblda.pt\/new\/wp-content\/uploads\/2019\/07\/casadamemoria07.jpg\" alt=\"\" class=\"wp-image-1067\" srcset=\"https:\/\/www.eiblda.pt\/wp-content\/uploads\/2019\/07\/casadamemoria07.jpg 2490w, https:\/\/www.eiblda.pt\/wp-content\/uploads\/2019\/07\/casadamemoria07-750x301.jpg 750w\" sizes=\"auto, (max-width: 2490px) 100vw, 2490px\" \/><\/figure>\n\n\n\n<figure class=\"wp-block-image\"><img loading=\"lazy\" decoding=\"async\" width=\"2490\" height=\"1000\" data-id=\"1066\" src=\"http:\/\/www.eiblda.pt\/new\/wp-content\/uploads\/2019\/07\/casadamemoria06.jpg\" alt=\"\" class=\"wp-image-1066\" srcset=\"https:\/\/www.eiblda.pt\/wp-content\/uploads\/2019\/07\/casadamemoria06.jpg 2490w, https:\/\/www.eiblda.pt\/wp-content\/uploads\/2019\/07\/casadamemoria06-750x301.jpg 750w\" sizes=\"auto, (max-width: 2490px) 100vw, 2490px\" \/><\/figure>\n\n\n\n<figure class=\"wp-block-image\"><img loading=\"lazy\" decoding=\"async\" width=\"2490\" height=\"1000\" data-id=\"1065\" src=\"http:\/\/www.eiblda.pt\/new\/wp-content\/uploads\/2019\/07\/casadamemoria05.jpg\" alt=\"\" class=\"wp-image-1065\" srcset=\"https:\/\/www.eiblda.pt\/wp-content\/uploads\/2019\/07\/casadamemoria05.jpg 2490w, https:\/\/www.eiblda.pt\/wp-content\/uploads\/2019\/07\/casadamemoria05-750x301.jpg 750w\" sizes=\"auto, (max-width: 2490px) 100vw, 2490px\" \/><\/figure>\n<\/figure>\n\n\n<h2 class=\"wp-block-post-title\">Casa da Mem\u00f3ria (Guimar\u00e3es)<\/h2>\n\n\n<p>E que melhor forma h\u00e1 de assinalar o \u202aDia da Liberdade do que com a inaugura\u00e7\u00e3o da Casa da Mem\u00f3ria, em Guimar\u00e3es? Mais uma vez, a ELBAI enche-se de orgulho por deixar a sua marca em mais uma obra, constru\u00edda no \u00e2mbito da Capital Europeia da Cultura, 2012.<\/p>\n","protected":false},"author":1,"featured_media":1070,"parent":0,"menu_order":6,"comment_status":"open","ping_status":"closed","template":"pages\/wp-noticiaselbai.php","categories":[],"tags":[],"class_list":["post-1301","cptnoticiaselbai","type-cptnoticiaselbai","status-publish","has-post-thumbnail","hentry"],"_links":{"self":[{"href":"https:\/\/www.eiblda.pt\/en\/wp-json\/wp\/v2\/cptnoticiaselbai\/1301","targetHints":{"allow":["GET"]}}],"collection":[{"href":"https:\/\/www.eiblda.pt\/en\/wp-json\/wp\/v2\/cptnoticiaselbai"}],"about":[{"href":"https:\/\/www.eiblda.pt\/en\/wp-json\/wp\/v2\/types\/cptnoticiaselbai"}],"author":[{"embeddable":true,"href":"https:\/\/www.eiblda.pt\/en\/wp-json\/wp\/v2\/users\/1"}],"replies":[{"embeddable":true,"href":"https:\/\/www.eiblda.pt\/en\/wp-json\/wp\/v2\/comments?post=1301"}],"wp:featuredmedia":[{"embeddable":true,"href":"https:\/\/www.eiblda.pt\/en\/wp-json\/wp\/v2\/media\/1070"}],"wp:attachment":[{"href":"https:\/\/www.eiblda.pt\/en\/wp-json\/wp\/v2\/media?parent=1301"}],"wp:term":[{"taxonomy":"category","embeddable":true,"href":"https:\/\/www.eiblda.pt\/en\/wp-json\/wp\/v2\/categories?post=1301"},{"taxonomy":"post_tag","embeddable":true,"href":"https:\/\/www.eiblda.pt\/en\/wp-json\/wp\/v2\/tags?post=1301"}],"curies":[{"name":"wp","href":"https:\/\/api.w.org\/{rel}","templated":true}]}}